{"id":6706,"date":"2026-03-30T16:08:47","date_gmt":"2026-03-30T14:08:47","guid":{"rendered":"https:\/\/dprsm.gov.mk\/wp\/?p=6706"},"modified":"2026-03-30T16:08:47","modified_gmt":"2026-03-30T14:08:47","slug":"eshte-nenshkruar-marreveshja-kolektive-me-perfaqesuesit-e-sindikatave-e-cila-per-here-te-pare-sjell-rritje-te-strukturuar-te-pagave-per-te-gjithe-te-punesuarit-ne-avokaturen-e-shtetit","status":"publish","type":"post","link":"https:\/\/dprsm.gov.mk\/wp\/sq\/eshte-nenshkruar-marreveshja-kolektive-me-perfaqesuesit-e-sindikatave-e-cila-per-here-te-pare-sjell-rritje-te-strukturuar-te-pagave-per-te-gjithe-te-punesuarit-ne-avokaturen-e-shtetit\/","title":{"rendered":"\u00cbsht\u00eb n\u00ebnshkruar marr\u00ebveshja kolektive me p\u00ebrfaq\u00ebsuesit e sindikatave, e cila p\u00ebr her\u00eb t\u00eb par\u00eb sjell rritje t\u00eb strukturuar t\u00eb pagave p\u00ebr t\u00eb gjith\u00eb t\u00eb pun\u00ebsuarit n\u00eb Avokatur\u00ebn e Shtetit."},"content":{"rendered":"<div dir=\"auto\">Sot \u00ebsht\u00eb nj\u00eb dit\u00eb me r\u00ebnd\u00ebsi t\u00eb ve\u00e7ant\u00eb p\u00ebr Avokatur\u00ebn e Shtetit dhe p\u00ebr t\u00eb gjith\u00eb ata q\u00eb \u00e7do dit\u00eb kontribuojn\u00eb n\u00eb funksionimin e saj.<\/div>\n<div dir=\"auto\">&nbsp;<\/div>\n<div dir=\"auto\">Me bindjen se nj\u00eb institucion i fort\u00eb nd\u00ebrtohet mbi pun\u00ebn dhe p\u00ebrkushtimin e njer\u00ebzve t\u00eb tij, kemi nd\u00ebrmarr\u00eb nj\u00eb hap konkret q\u00eb synon t\u00eb p\u00ebrmir\u00ebsoj\u00eb drejtp\u00ebrdrejt mir\u00ebqenien e punonj\u00ebsve tan\u00eb.<\/div>\n<div dir=\"auto\">&nbsp;<\/div>\n<div dir=\"auto\">\u00cbsht\u00eb n\u00ebnshkruar marr\u00ebveshja kolektive me p\u00ebrfaq\u00ebsuesit e sindikatave, e cila p\u00ebr her\u00eb t\u00eb par\u00eb sjell rritje t\u00eb strukturuar t\u00eb pagave p\u00ebr t\u00eb gjith\u00eb t\u00eb pun\u00ebsuarit n\u00eb Avokatur\u00ebn e Shtetit.<\/div>\n<div dir=\"auto\">&nbsp;<\/div>\n<div dir=\"auto\">Kjo marr\u00ebveshje parasheh:<\/div>\n<div dir=\"auto\">\ud83d\udccc 7% rritje t\u00eb pagave nga marsi 2026<\/div>\n<div dir=\"auto\">\ud83d\udccc 7% rritje t\u00eb pagave nga marsi 2027<\/div>\n<div dir=\"auto\">\ud83d\udccc 7% rritje t\u00eb pagave nga marsi 2028<\/div>\n<div dir=\"auto\">&nbsp;<\/div>\n<div dir=\"auto\">K\u00ebto nuk jan\u00eb vet\u00ebm shifra, por jan\u00eb nj\u00eb shprehje konkrete e respektit ndaj pun\u00ebs s\u00eb p\u00ebrditshme, p\u00ebrgjegj\u00ebsis\u00eb dhe p\u00ebrkushtimit q\u00eb punonj\u00ebsit tan\u00eb tregojn\u00eb n\u00eb sh\u00ebrbim t\u00eb shtetit dhe qytetar\u00ebve.<\/div>\n<div dir=\"auto\">&nbsp;<\/div>\n<div dir=\"auto\">Nj\u00eb fal\u00ebnderim i sinqert\u00eb p\u00ebr Qeverin\u00eb e RMV-s\u00eb p\u00ebr mb\u00ebshtetjen dhe bashk\u00ebpunimin n\u00eb realizimin e k\u00ebtij procesi t\u00eb r\u00ebnd\u00ebsish\u00ebm.<\/div>\n<div dir=\"auto\">&nbsp;<\/div>\n<div dir=\"auto\">Ky \u00ebsht\u00eb nj\u00eb hap i q\u00ebndruesh\u00ebm drejt rritjes s\u00eb motivimit, forcimit t\u00eb institucionit dhe ngritjes s\u00eb dinjitetit t\u00eb \u00e7do punonj\u00ebsi q\u00eb kontribuon n\u00eb Avokatur\u00ebn e Shtetit.<\/div>\n","protected":false},"excerpt":{"rendered":"<p>Sot \u00ebsht\u00eb nj\u00eb dit\u00eb me r\u00ebnd\u00ebsi t\u00eb ve\u00e7ant\u00eb p\u00ebr Avokatur\u00ebn e Shtetit dhe p\u00ebr t\u00eb gjith\u00eb ata q\u00eb \u00e7do dit\u00eb kontribuojn\u00eb n\u00eb funksionimin e saj. &nbsp; Me bindjen se nj\u00eb institucion i fort\u00eb nd\u00ebrtohet mbi pun\u00ebn dhe p\u00ebrkushtimin e njer\u00ebzve t\u00eb tij, kemi nd\u00ebrmarr\u00eb nj\u00eb hap konkret q\u00eb synon t\u00eb<\/p>\n","protected":false},"author":2,"featured_media":6707,"comment_status":"closed","ping_status":"closed","sticky":false,"template":"","format":"standard","meta":{"ngg_post_thumbnail":0,"footnotes":""},"categories":[66],"tags":[],"class_list":["post-6706","post","type-post","status-publish","format-standard","has-post-thumbnail","hentry","category-lajme"],"_links":{"self":[{"href":"https:\/\/dprsm.gov.mk\/wp\/wp-json\/wp\/v2\/posts\/6706","targetHints":{"allow":["GET"]}}],"collection":[{"href":"https:\/\/dprsm.gov.mk\/wp\/wp-json\/wp\/v2\/posts"}],"about":[{"href":"https:\/\/dprsm.gov.mk\/wp\/wp-json\/wp\/v2\/types\/post"}],"author":[{"embeddable":true,"href":"https:\/\/dprsm.gov.mk\/wp\/wp-json\/wp\/v2\/users\/2"}],"replies":[{"embeddable":true,"href":"https:\/\/dprsm.gov.mk\/wp\/wp-json\/wp\/v2\/comments?post=6706"}],"version-history":[{"count":1,"href":"https:\/\/dprsm.gov.mk\/wp\/wp-json\/wp\/v2\/posts\/6706\/revisions"}],"predecessor-version":[{"id":6708,"href":"https:\/\/dprsm.gov.mk\/wp\/wp-json\/wp\/v2\/posts\/6706\/revisions\/6708"}],"wp:featuredmedia":[{"embeddable":true,"href":"https:\/\/dprsm.gov.mk\/wp\/wp-json\/wp\/v2\/media\/6707"}],"wp:attachment":[{"href":"https:\/\/dprsm.gov.mk\/wp\/wp-json\/wp\/v2\/media?parent=6706"}],"wp:term":[{"taxonomy":"category","embeddable":true,"href":"https:\/\/dprsm.gov.mk\/wp\/wp-json\/wp\/v2\/categories?post=6706"},{"taxonomy":"post_tag","embeddable":true,"href":"https:\/\/dprsm.gov.mk\/wp\/wp-json\/wp\/v2\/tags?post=6706"}],"curies":[{"name":"wp","href":"https:\/\/api.w.org\/{rel}","templated":true}]}}